{"id":98,"date":"2020-11-04T16:34:42","date_gmt":"2020-11-04T15:34:42","guid":{"rendered":"https:\/\/www.z-oneconcept.com\/?p=98"},"modified":"2021-04-16T16:43:43","modified_gmt":"2021-04-16T14:43:43","slug":"tutti-pazzi-per-la-frangia-ecco-perche-non-passa-mai-di-moda","status":"publish","type":"post","link":"https:\/\/www.z-oneconcept.com\/it\/tutti-pazzi-per-la-frangia-ecco-perche-non-passa-mai-di-moda\/","title":{"rendered":"Tutti pazzi per la frangia: ecco perch\u00e9 non passa mai di moda."},"content":{"rendered":"\r\n<p><em>Frangia lunga, frangia corta, laterale o scalata?<\/em><br \/><em>A ciascuna forma del viso &#8211; e personalit\u00e0 &#8211; la sua frangetta.<\/em><\/p>\r\n\r\n\r\n\r\n<p><strong>Frangia<\/strong> \u00e8 uno status quo, un colpo di forbici et voil\u00e0: come sentirsi subito pi\u00f9 fresche, giovani, e sicure di s\u00e9. <strong>Frangia corta, frangia lunga, frangetta, frangia scalata, frangia laterale, frangia dritta o frangia ondulata: <\/strong>la variet\u00e0 non manca di certo a questo taglio di capelli iconico e che non passa mai di moda. La prima vera pioniera della frangia nella storia sembra essere stata Cleopatra, regina dell\u2019Antico Egitto, ritratta in busti di terracotta con un taglio di capelli rigoroso.<\/p>\r\n<p><img decoding=\"async\" class=\"alignleft wp-image-9406\" title=\"ARTICOLO 1120x960px8\" src=\"https:\/\/www.z-oneconcept.com\/wp-content\/uploads\/2020\/11\/ARTICOLO_1120x960px8-1024x878.jpg\" alt=\"ARTICOLO 1120x960px8\" width=\"600\" height=\"514\" srcset=\"https:\/\/www.z-oneconcept.com\/wp-content\/uploads\/2020\/11\/ARTICOLO_1120x960px8-1024x878.jpg 1024w, https:\/\/www.z-oneconcept.com\/wp-content\/uploads\/2020\/11\/ARTICOLO_1120x960px8-300x257.jpg 300w, https:\/\/www.z-oneconcept.com\/wp-content\/uploads\/2020\/11\/ARTICOLO_1120x960px8-768x658.jpg 768w, https:\/\/www.z-oneconcept.com\/wp-content\/uploads\/2020\/11\/ARTICOLO_1120x960px8.jpg 1120w\" sizes=\"(max-width: 600px) 100vw, 600px\" \/><\/p>\r\n<p>Ma dopo di lei, innumerevoli donne riconosciute per la loro forte personalit\u00e0 hanno sfoggiato frange e frangette decise: Louise Brooks, Audrey Hepburn, Betty Page, Brigitte Bardot, Jane Fonda, Peggy Moffit, Jane Birkin e persino Anne Wintour hanno fatto della frangia corta o lunga il simbolo della loro femminilit\u00e0, in costante evoluzione specialmente nel XX secolo. E anche le star di oggi non sono da meno: le sorelle Hadid, Emma Watson, Kim Kardashian e Kendall Jenner, Selena Gomez, Taylor Swift e molte altre celeb internazionali di tutte le et\u00e0 hanno scelto il ciuffo scalato o la frangetta sopra al sopracciglio per sottolineare non solo i lineamenti, lo sguardo e il sorriso, ma soprattutto per dare espressione ad un carattere determinato. Dopotutto la parola \u201cfrangia\u201d viene dal latino, framea, e significa lancia, spada. Fringe power!<br \/>Attenzione per\u00f2: gli hairstylist ci ricordano che la frangia andrebbe adattata sempre al meglio alla forma del viso per valorizzarne le proporzioni. Tra i visi pi\u00f9 adatti a portare la frangia c\u2019\u00e8 quello di forma rettangolare, perch\u00e9 tende ad avere bisogno di \u201caccorciarsi\u201d; e il viso a cuore e a diamante, a cui pu\u00f2 fare comodo una baby frangia per mimetizzare una fronte spaziosa.<\/p>\r\n\r\n\r\n\r\n\r\n\r\n\r\n\r\n\r\n\r\n<p><strong>La frangia per i<\/strong><strong>l viso rettangolare<br \/><\/strong>Il viso rettangolare o allungato, che ha solitamente una fronte alta e un andamento verticale, \u00e8 particolarmente adatto a portare una frangia lunga e piena, capace di equilibrare le proporzioni accorciando otticamente il volto.<\/p>\r\n\r\n\r\n\r\n<p><strong>La frangia per il viso a cuore e a diamante<br \/><\/strong>Per il viso a cuore, invece, caratterizzato da fronte ampia, zigomi pronunciati e mento piccolo, \u00e8 meglio una chioma folta che d\u00e0 movimento e che sia capace di allargarne otticamente la parte inferiore, sviando l\u2019attenzione da quella superiore. S\u00ec, dunque, alla frangia laterale, ma anche dritta, purch\u00e9 abbastanza folta. Anche per il viso a diamante, via libera alla frangetta, ma solo se sfilata e leggera, che crea un look fresco, oppure piena e laterale per un effetto pi\u00f9 grintoso.<\/p>\r\n<p><strong>La frangia per il viso ovale<\/strong><br \/>Per il viso ovale, tendenzialmente ben proporzionato, con lineamenti regolari e delicati, l\u2019errore da evitare \u00e8 quello di sfoggiare tagli pieni, folti e frangia lunga che invece tendono ad offuscare l\u2019armonia del volto. Ma se la fronte \u00e8 abbastanza ampia, s\u00ec alla sperimentazione di ogni tipo di frangia, comprese quelle pi\u00f9 lunghe e piene. In caso contrario, meglio optare per tagli pi\u00f9 leggeri e sfilati, anche da portare lateralmente.<\/p>\r\n<p><img decoding=\"async\" class=\"alignright wp-image-9405\" title=\"ARTICOLO 1120x960px7\" src=\"https:\/\/www.z-oneconcept.com\/wp-content\/uploads\/2020\/11\/ARTICOLO_1120x960px7-1024x878.jpg\" alt=\"ARTICOLO 1120x960px7\" width=\"600\" height=\"514\" srcset=\"https:\/\/www.z-oneconcept.com\/wp-content\/uploads\/2020\/11\/ARTICOLO_1120x960px7-1024x878.jpg 1024w, https:\/\/www.z-oneconcept.com\/wp-content\/uploads\/2020\/11\/ARTICOLO_1120x960px7-300x257.jpg 300w, https:\/\/www.z-oneconcept.com\/wp-content\/uploads\/2020\/11\/ARTICOLO_1120x960px7-768x658.jpg 768w, https:\/\/www.z-oneconcept.com\/wp-content\/uploads\/2020\/11\/ARTICOLO_1120x960px7.jpg 1120w\" sizes=\"(max-width: 600px) 100vw, 600px\" \/><\/p>\r\n\r\n\r\n\r\n<p><strong>La frangia per il viso triangolare e quadrato<br \/><\/strong>Per riequilibrare le proporzioni del viso triangolare, con la fronte bassa e stretta, e in cui la parte inferiore prevale su quella superiore, la frangia ideale \u00e8 lunga, scalata e spettinata, dritta o laterale. Da evitare, invece, la frangetta corta da pin-up e i tagli di capelli pareggiati. SOS viso quadrato: per riequilibrare i lineamenti spigolosi con mascella evidente, s\u00ec ai ciuffi voluminosi e laterali che smussano la durezza dei lineamenti. No alle frange troppo pesanti e tagli geometrici.<\/p>\r\n<p><strong>La frangia per il viso rotondo<br \/><\/strong>Il viso rotondo \u00e8 per antonomasia il meno indicato a sfoggiare la frangia, perch\u00e9 il capello corto (anche un taglio a caschetto) tende a enfatizzare le rotondit\u00e0. Ma con un ciuffo sfilato, scalato, spettinato, laterale e proporzionato, \u00e8 tutta un\u2019altra storia.<br \/>Quindi, buone notizie: la verit\u00e0 \u00e8 che la frangia \u00e8 per tutte le forme del viso, ciascuna con le giuste proporzioni. E se non avete ancora provato, il 2020, la soglia di un nuovo decennio, \u00e8 certamente l\u2019anno delle sperimentazioni.<\/p>\r\n\r\n\r\n\r\n<div class=\"wp-block-group is-layout-flow wp-block-group-is-layout-flow\">\r\n<div class=\"wp-block-group__inner-container\">\u00a0<\/div>\r\n<\/div>\r\n","protected":false},"excerpt":{"rendered":"<p>Frangia lunga, frangia corta, laterale o scalata? A ciascuna forma del viso &#8211; e personalit\u00e0 &#8211; la sua frangetta.<\/p>\n","protected":false},"author":1,"featured_media":9404,"comment_status":"open","ping_status":"open","sticky":false,"template":"","format":"standard","meta":{"_acf_changed":false,"footnotes":""},"categories":[1],"tags":[3,4],"class_list":["post-98","post","type-post","status-publish","format-standard","has-post-thumbnail","hentry","category-hair-cut","tag-frangia","tag-frangetta"],"acf":[],"yoast_head":"<!-- This site is optimized with the Yoast SEO plugin v27.3 - https:\/\/yoast.com\/product\/yoast-seo-wordpress\/ -->\n<title>Tutti pazzi per la frangia: ecco perch\u00e9 non passa mai di moda.<\/title>\n<meta name=\"description\" content=\"-\" \/>\n<meta name=\"robots\" content=\"index, follow, max-snippet:-1, max-image-preview:large, max-video-preview:-1\" \/>\n<link rel=\"canonical\" href=\"https:\/\/www.z-oneconcept.com\/it\/tutti-pazzi-per-la-frangia-ecco-perche-non-passa-mai-di-moda\/\" \/>\n<meta property=\"og:locale\" content=\"it_IT\" \/>\n<meta property=\"og:type\" content=\"article\" \/>\n<meta property=\"og:title\" content=\"Tutti pazzi per la frangia: ecco perch\u00e9 non passa mai di moda.\" \/>\n<meta property=\"og:description\" content=\"-\" \/>\n<meta property=\"og:url\" content=\"https:\/\/www.z-oneconcept.com\/it\/tutti-pazzi-per-la-frangia-ecco-perche-non-passa-mai-di-moda\/\" \/>\n<meta property=\"og:site_name\" content=\"z-one concept\" \/>\n<meta property=\"article:publisher\" content=\"https:\/\/www.facebook.com\/zoneconceptofficial\/\" \/>\n<meta property=\"article:published_time\" content=\"2020-11-04T15:34:42+00:00\" \/>\n<meta property=\"article:modified_time\" content=\"2021-04-16T14:43:43+00:00\" \/>\n<meta property=\"og:image\" content=\"https:\/\/www.z-oneconcept.com\/wp-content\/uploads\/2020\/11\/HEADER_1920x600px3.jpg\" \/>\n\t<meta property=\"og:image:width\" content=\"1920\" \/>\n\t<meta property=\"og:image:height\" content=\"600\" \/>\n\t<meta property=\"og:image:type\" content=\"image\/jpeg\" \/>\n<meta name=\"author\" content=\"zonesuper\" \/>\n<meta name=\"twitter:card\" content=\"summary_large_image\" \/>\n<meta name=\"twitter:label1\" content=\"Scritto da\" \/>\n\t<meta name=\"twitter:data1\" content=\"zonesuper\" \/>\n\t<meta name=\"twitter:label2\" content=\"Tempo di lettura stimato\" \/>\n\t<meta name=\"twitter:data2\" content=\"4 minuti\" \/>\n<script type=\"application\/ld+json\" class=\"yoast-schema-graph\">{\"@context\":\"https:\\\/\\\/schema.org\",\"@graph\":[{\"@type\":\"Article\",\"@id\":\"https:\\\/\\\/www.z-oneconcept.com\\\/it\\\/tutti-pazzi-per-la-frangia-ecco-perche-non-passa-mai-di-moda\\\/#article\",\"isPartOf\":{\"@id\":\"https:\\\/\\\/www.z-oneconcept.com\\\/it\\\/tutti-pazzi-per-la-frangia-ecco-perche-non-passa-mai-di-moda\\\/\"},\"author\":{\"name\":\"zonesuper\",\"@id\":\"https:\\\/\\\/www.z-oneconcept.com\\\/it\\\/#\\\/schema\\\/person\\\/251faf2e3e2af3fb7d6fd33a9c8ff347\"},\"headline\":\"Tutti pazzi per la frangia: ecco perch\u00e9 non passa mai di moda.\",\"datePublished\":\"2020-11-04T15:34:42+00:00\",\"dateModified\":\"2021-04-16T14:43:43+00:00\",\"mainEntityOfPage\":{\"@id\":\"https:\\\/\\\/www.z-oneconcept.com\\\/it\\\/tutti-pazzi-per-la-frangia-ecco-perche-non-passa-mai-di-moda\\\/\"},\"wordCount\":681,\"commentCount\":0,\"publisher\":{\"@id\":\"https:\\\/\\\/www.z-oneconcept.com\\\/it\\\/#organization\"},\"image\":{\"@id\":\"https:\\\/\\\/www.z-oneconcept.com\\\/it\\\/tutti-pazzi-per-la-frangia-ecco-perche-non-passa-mai-di-moda\\\/#primaryimage\"},\"thumbnailUrl\":\"https:\\\/\\\/www.z-oneconcept.com\\\/wp-content\\\/uploads\\\/2020\\\/11\\\/HEADER_1920x600px3.jpg\",\"keywords\":[\"frangia\",\"frangetta\"],\"articleSection\":[\"Hair-cut\"],\"inLanguage\":\"it-IT\",\"potentialAction\":[{\"@type\":\"CommentAction\",\"name\":\"Comment\",\"target\":[\"https:\\\/\\\/www.z-oneconcept.com\\\/it\\\/tutti-pazzi-per-la-frangia-ecco-perche-non-passa-mai-di-moda\\\/#respond\"]}]},{\"@type\":\"WebPage\",\"@id\":\"https:\\\/\\\/www.z-oneconcept.com\\\/it\\\/tutti-pazzi-per-la-frangia-ecco-perche-non-passa-mai-di-moda\\\/\",\"url\":\"https:\\\/\\\/www.z-oneconcept.com\\\/it\\\/tutti-pazzi-per-la-frangia-ecco-perche-non-passa-mai-di-moda\\\/\",\"name\":\"Tutti pazzi per la frangia: ecco perch\u00e9 non passa mai di moda.\",\"isPartOf\":{\"@id\":\"https:\\\/\\\/www.z-oneconcept.com\\\/it\\\/#website\"},\"primaryImageOfPage\":{\"@id\":\"https:\\\/\\\/www.z-oneconcept.com\\\/it\\\/tutti-pazzi-per-la-frangia-ecco-perche-non-passa-mai-di-moda\\\/#primaryimage\"},\"image\":{\"@id\":\"https:\\\/\\\/www.z-oneconcept.com\\\/it\\\/tutti-pazzi-per-la-frangia-ecco-perche-non-passa-mai-di-moda\\\/#primaryimage\"},\"thumbnailUrl\":\"https:\\\/\\\/www.z-oneconcept.com\\\/wp-content\\\/uploads\\\/2020\\\/11\\\/HEADER_1920x600px3.jpg\",\"datePublished\":\"2020-11-04T15:34:42+00:00\",\"dateModified\":\"2021-04-16T14:43:43+00:00\",\"description\":\"-\",\"breadcrumb\":{\"@id\":\"https:\\\/\\\/www.z-oneconcept.com\\\/it\\\/tutti-pazzi-per-la-frangia-ecco-perche-non-passa-mai-di-moda\\\/#breadcrumb\"},\"inLanguage\":\"it-IT\",\"potentialAction\":[{\"@type\":\"ReadAction\",\"target\":[\"https:\\\/\\\/www.z-oneconcept.com\\\/it\\\/tutti-pazzi-per-la-frangia-ecco-perche-non-passa-mai-di-moda\\\/\"]}]},{\"@type\":\"ImageObject\",\"inLanguage\":\"it-IT\",\"@id\":\"https:\\\/\\\/www.z-oneconcept.com\\\/it\\\/tutti-pazzi-per-la-frangia-ecco-perche-non-passa-mai-di-moda\\\/#primaryimage\",\"url\":\"https:\\\/\\\/www.z-oneconcept.com\\\/wp-content\\\/uploads\\\/2020\\\/11\\\/HEADER_1920x600px3.jpg\",\"contentUrl\":\"https:\\\/\\\/www.z-oneconcept.com\\\/wp-content\\\/uploads\\\/2020\\\/11\\\/HEADER_1920x600px3.jpg\",\"width\":1920,\"height\":600,\"caption\":\"HEADER 1920x600px3\"},{\"@type\":\"BreadcrumbList\",\"@id\":\"https:\\\/\\\/www.z-oneconcept.com\\\/it\\\/tutti-pazzi-per-la-frangia-ecco-perche-non-passa-mai-di-moda\\\/#breadcrumb\",\"itemListElement\":[{\"@type\":\"ListItem\",\"position\":1,\"name\":\"Home\",\"item\":\"https:\\\/\\\/www.z-oneconcept.com\\\/it\\\/\"},{\"@type\":\"ListItem\",\"position\":2,\"name\":\"Tutti pazzi per la frangia: ecco perch\u00e9 non passa mai di moda.\"}]},{\"@type\":\"WebSite\",\"@id\":\"https:\\\/\\\/www.z-oneconcept.com\\\/it\\\/#website\",\"url\":\"https:\\\/\\\/www.z-oneconcept.com\\\/it\\\/\",\"name\":\"z-one concept\",\"description\":\"\",\"publisher\":{\"@id\":\"https:\\\/\\\/www.z-oneconcept.com\\\/it\\\/#organization\"},\"potentialAction\":[{\"@type\":\"SearchAction\",\"target\":{\"@type\":\"EntryPoint\",\"urlTemplate\":\"https:\\\/\\\/www.z-oneconcept.com\\\/it\\\/?s={search_term_string}\"},\"query-input\":{\"@type\":\"PropertyValueSpecification\",\"valueRequired\":true,\"valueName\":\"search_term_string\"}}],\"inLanguage\":\"it-IT\"},{\"@type\":\"Organization\",\"@id\":\"https:\\\/\\\/www.z-oneconcept.com\\\/it\\\/#organization\",\"name\":\"z.one concept\u2122 | milk_shake, Simply Zen, NO INHIBITION\",\"url\":\"https:\\\/\\\/www.z-oneconcept.com\\\/it\\\/\",\"logo\":{\"@type\":\"ImageObject\",\"inLanguage\":\"it-IT\",\"@id\":\"https:\\\/\\\/www.z-oneconcept.com\\\/it\\\/#\\\/schema\\\/logo\\\/image\\\/\",\"url\":\"https:\\\/\\\/www.z-oneconcept.com\\\/wp-content\\\/uploads\\\/2020\\\/11\\\/zone-concept.png\",\"contentUrl\":\"https:\\\/\\\/www.z-oneconcept.com\\\/wp-content\\\/uploads\\\/2020\\\/11\\\/zone-concept.png\",\"width\":1405,\"height\":177,\"caption\":\"z.one concept\u2122 | milk_shake, Simply Zen, NO INHIBITION\"},\"image\":{\"@id\":\"https:\\\/\\\/www.z-oneconcept.com\\\/it\\\/#\\\/schema\\\/logo\\\/image\\\/\"},\"sameAs\":[\"https:\\\/\\\/www.facebook.com\\\/zoneconceptofficial\\\/\",\"https:\\\/\\\/www.instagram.com\\\/zoneconceptofficial\\\/\",\"https:\\\/\\\/www.youtube.com\\\/user\\\/zoneconceptsrl\"]},{\"@type\":\"Person\",\"@id\":\"https:\\\/\\\/www.z-oneconcept.com\\\/it\\\/#\\\/schema\\\/person\\\/251faf2e3e2af3fb7d6fd33a9c8ff347\",\"name\":\"zonesuper\",\"image\":{\"@type\":\"ImageObject\",\"inLanguage\":\"it-IT\",\"@id\":\"https:\\\/\\\/secure.gravatar.com\\\/avatar\\\/9cb26e55ac9e4aaf61bf8d0ccde814897911540d57fc78a95362d0551bba97b8?s=96&d=mm&r=g\",\"url\":\"https:\\\/\\\/secure.gravatar.com\\\/avatar\\\/9cb26e55ac9e4aaf61bf8d0ccde814897911540d57fc78a95362d0551bba97b8?s=96&d=mm&r=g\",\"contentUrl\":\"https:\\\/\\\/secure.gravatar.com\\\/avatar\\\/9cb26e55ac9e4aaf61bf8d0ccde814897911540d57fc78a95362d0551bba97b8?s=96&d=mm&r=g\",\"caption\":\"zonesuper\"},\"sameAs\":[\"https:\\\/\\\/www.z-oneconcept.com\",\"SuperadminZONE\"]}]}<\/script>\n<!-- \/ Yoast SEO plugin. -->","yoast_head_json":{"title":"Tutti pazzi per la frangia: ecco perch\u00e9 non passa mai di moda.","description":"-","robots":{"index":"index","follow":"follow","max-snippet":"max-snippet:-1","max-image-preview":"max-image-preview:large","max-video-preview":"max-video-preview:-1"},"canonical":"https:\/\/www.z-oneconcept.com\/it\/tutti-pazzi-per-la-frangia-ecco-perche-non-passa-mai-di-moda\/","og_locale":"it_IT","og_type":"article","og_title":"Tutti pazzi per la frangia: ecco perch\u00e9 non passa mai di moda.","og_description":"-","og_url":"https:\/\/www.z-oneconcept.com\/it\/tutti-pazzi-per-la-frangia-ecco-perche-non-passa-mai-di-moda\/","og_site_name":"z-one concept","article_publisher":"https:\/\/www.facebook.com\/zoneconceptofficial\/","article_published_time":"2020-11-04T15:34:42+00:00","article_modified_time":"2021-04-16T14:43:43+00:00","og_image":[{"width":1920,"height":600,"url":"https:\/\/www.z-oneconcept.com\/wp-content\/uploads\/2020\/11\/HEADER_1920x600px3.jpg","type":"image\/jpeg"}],"author":"zonesuper","twitter_card":"summary_large_image","twitter_misc":{"Scritto da":"zonesuper","Tempo di lettura stimato":"4 minuti"},"schema":{"@context":"https:\/\/schema.org","@graph":[{"@type":"Article","@id":"https:\/\/www.z-oneconcept.com\/it\/tutti-pazzi-per-la-frangia-ecco-perche-non-passa-mai-di-moda\/#article","isPartOf":{"@id":"https:\/\/www.z-oneconcept.com\/it\/tutti-pazzi-per-la-frangia-ecco-perche-non-passa-mai-di-moda\/"},"author":{"name":"zonesuper","@id":"https:\/\/www.z-oneconcept.com\/it\/#\/schema\/person\/251faf2e3e2af3fb7d6fd33a9c8ff347"},"headline":"Tutti pazzi per la frangia: ecco perch\u00e9 non passa mai di moda.","datePublished":"2020-11-04T15:34:42+00:00","dateModified":"2021-04-16T14:43:43+00:00","mainEntityOfPage":{"@id":"https:\/\/www.z-oneconcept.com\/it\/tutti-pazzi-per-la-frangia-ecco-perche-non-passa-mai-di-moda\/"},"wordCount":681,"commentCount":0,"publisher":{"@id":"https:\/\/www.z-oneconcept.com\/it\/#organization"},"image":{"@id":"https:\/\/www.z-oneconcept.com\/it\/tutti-pazzi-per-la-frangia-ecco-perche-non-passa-mai-di-moda\/#primaryimage"},"thumbnailUrl":"https:\/\/www.z-oneconcept.com\/wp-content\/uploads\/2020\/11\/HEADER_1920x600px3.jpg","keywords":["frangia","frangetta"],"articleSection":["Hair-cut"],"inLanguage":"it-IT","potentialAction":[{"@type":"CommentAction","name":"Comment","target":["https:\/\/www.z-oneconcept.com\/it\/tutti-pazzi-per-la-frangia-ecco-perche-non-passa-mai-di-moda\/#respond"]}]},{"@type":"WebPage","@id":"https:\/\/www.z-oneconcept.com\/it\/tutti-pazzi-per-la-frangia-ecco-perche-non-passa-mai-di-moda\/","url":"https:\/\/www.z-oneconcept.com\/it\/tutti-pazzi-per-la-frangia-ecco-perche-non-passa-mai-di-moda\/","name":"Tutti pazzi per la frangia: ecco perch\u00e9 non passa mai di moda.","isPartOf":{"@id":"https:\/\/www.z-oneconcept.com\/it\/#website"},"primaryImageOfPage":{"@id":"https:\/\/www.z-oneconcept.com\/it\/tutti-pazzi-per-la-frangia-ecco-perche-non-passa-mai-di-moda\/#primaryimage"},"image":{"@id":"https:\/\/www.z-oneconcept.com\/it\/tutti-pazzi-per-la-frangia-ecco-perche-non-passa-mai-di-moda\/#primaryimage"},"thumbnailUrl":"https:\/\/www.z-oneconcept.com\/wp-content\/uploads\/2020\/11\/HEADER_1920x600px3.jpg","datePublished":"2020-11-04T15:34:42+00:00","dateModified":"2021-04-16T14:43:43+00:00","description":"-","breadcrumb":{"@id":"https:\/\/www.z-oneconcept.com\/it\/tutti-pazzi-per-la-frangia-ecco-perche-non-passa-mai-di-moda\/#breadcrumb"},"inLanguage":"it-IT","potentialAction":[{"@type":"ReadAction","target":["https:\/\/www.z-oneconcept.com\/it\/tutti-pazzi-per-la-frangia-ecco-perche-non-passa-mai-di-moda\/"]}]},{"@type":"ImageObject","inLanguage":"it-IT","@id":"https:\/\/www.z-oneconcept.com\/it\/tutti-pazzi-per-la-frangia-ecco-perche-non-passa-mai-di-moda\/#primaryimage","url":"https:\/\/www.z-oneconcept.com\/wp-content\/uploads\/2020\/11\/HEADER_1920x600px3.jpg","contentUrl":"https:\/\/www.z-oneconcept.com\/wp-content\/uploads\/2020\/11\/HEADER_1920x600px3.jpg","width":1920,"height":600,"caption":"HEADER 1920x600px3"},{"@type":"BreadcrumbList","@id":"https:\/\/www.z-oneconcept.com\/it\/tutti-pazzi-per-la-frangia-ecco-perche-non-passa-mai-di-moda\/#breadcrumb","itemListElement":[{"@type":"ListItem","position":1,"name":"Home","item":"https:\/\/www.z-oneconcept.com\/it\/"},{"@type":"ListItem","position":2,"name":"Tutti pazzi per la frangia: ecco perch\u00e9 non passa mai di moda."}]},{"@type":"WebSite","@id":"https:\/\/www.z-oneconcept.com\/it\/#website","url":"https:\/\/www.z-oneconcept.com\/it\/","name":"z-one concept","description":"","publisher":{"@id":"https:\/\/www.z-oneconcept.com\/it\/#organization"},"potentialAction":[{"@type":"SearchAction","target":{"@type":"EntryPoint","urlTemplate":"https:\/\/www.z-oneconcept.com\/it\/?s={search_term_string}"},"query-input":{"@type":"PropertyValueSpecification","valueRequired":true,"valueName":"search_term_string"}}],"inLanguage":"it-IT"},{"@type":"Organization","@id":"https:\/\/www.z-oneconcept.com\/it\/#organization","name":"z.one concept\u2122 | milk_shake, Simply Zen, NO INHIBITION","url":"https:\/\/www.z-oneconcept.com\/it\/","logo":{"@type":"ImageObject","inLanguage":"it-IT","@id":"https:\/\/www.z-oneconcept.com\/it\/#\/schema\/logo\/image\/","url":"https:\/\/www.z-oneconcept.com\/wp-content\/uploads\/2020\/11\/zone-concept.png","contentUrl":"https:\/\/www.z-oneconcept.com\/wp-content\/uploads\/2020\/11\/zone-concept.png","width":1405,"height":177,"caption":"z.one concept\u2122 | milk_shake, Simply Zen, NO INHIBITION"},"image":{"@id":"https:\/\/www.z-oneconcept.com\/it\/#\/schema\/logo\/image\/"},"sameAs":["https:\/\/www.facebook.com\/zoneconceptofficial\/","https:\/\/www.instagram.com\/zoneconceptofficial\/","https:\/\/www.youtube.com\/user\/zoneconceptsrl"]},{"@type":"Person","@id":"https:\/\/www.z-oneconcept.com\/it\/#\/schema\/person\/251faf2e3e2af3fb7d6fd33a9c8ff347","name":"zonesuper","image":{"@type":"ImageObject","inLanguage":"it-IT","@id":"https:\/\/secure.gravatar.com\/avatar\/9cb26e55ac9e4aaf61bf8d0ccde814897911540d57fc78a95362d0551bba97b8?s=96&d=mm&r=g","url":"https:\/\/secure.gravatar.com\/avatar\/9cb26e55ac9e4aaf61bf8d0ccde814897911540d57fc78a95362d0551bba97b8?s=96&d=mm&r=g","contentUrl":"https:\/\/secure.gravatar.com\/avatar\/9cb26e55ac9e4aaf61bf8d0ccde814897911540d57fc78a95362d0551bba97b8?s=96&d=mm&r=g","caption":"zonesuper"},"sameAs":["https:\/\/www.z-oneconcept.com","SuperadminZONE"]}]}},"_links":{"self":[{"href":"https:\/\/www.z-oneconcept.com\/it\/wp-json\/wp\/v2\/posts\/98","targetHints":{"allow":["GET"]}}],"collection":[{"href":"https:\/\/www.z-oneconcept.com\/it\/wp-json\/wp\/v2\/posts"}],"about":[{"href":"https:\/\/www.z-oneconcept.com\/it\/wp-json\/wp\/v2\/types\/post"}],"author":[{"embeddable":true,"href":"https:\/\/www.z-oneconcept.com\/it\/wp-json\/wp\/v2\/users\/1"}],"replies":[{"embeddable":true,"href":"https:\/\/www.z-oneconcept.com\/it\/wp-json\/wp\/v2\/comments?post=98"}],"version-history":[{"count":65,"href":"https:\/\/www.z-oneconcept.com\/it\/wp-json\/wp\/v2\/posts\/98\/revisions"}],"predecessor-version":[{"id":9403,"href":"https:\/\/www.z-oneconcept.com\/it\/wp-json\/wp\/v2\/posts\/98\/revisions\/9403"}],"wp:featuredmedia":[{"embeddable":true,"href":"https:\/\/www.z-oneconcept.com\/it\/wp-json\/wp\/v2\/media\/9404"}],"wp:attachment":[{"href":"https:\/\/www.z-oneconcept.com\/it\/wp-json\/wp\/v2\/media?parent=98"}],"wp:term":[{"taxonomy":"category","embeddable":true,"href":"https:\/\/www.z-oneconcept.com\/it\/wp-json\/wp\/v2\/categories?post=98"},{"taxonomy":"post_tag","embeddable":true,"href":"https:\/\/www.z-oneconcept.com\/it\/wp-json\/wp\/v2\/tags?post=98"}],"curies":[{"name":"wp","href":"https:\/\/api.w.org\/{rel}","templated":true}]}}