{"id":10789,"date":"2021-07-02T17:28:38","date_gmt":"2021-07-02T15:28:38","guid":{"rendered":"https:\/\/www.z-oneconcept.com\/?p=10789"},"modified":"2021-07-02T17:30:25","modified_gmt":"2021-07-02T15:30:25","slug":"capelli-rasati-cercano-ragazze-ribelli-will-you-join-us","status":"publish","type":"post","link":"https:\/\/www.z-oneconcept.com\/it\/capelli-rasati-cercano-ragazze-ribelli-will-you-join-us\/","title":{"rendered":"CAPELLI RASATI CERCANO RAGAZZE RIBELLI. WILL YOU JOIN US?"},"content":{"rendered":"<p><em>Simbolo di emancipazione femminile, il taglio a zero, o buzz cut, ha spopolato nel lockdown per la sua praticit\u00e0. A chi sta bene e le vie di mezzo trendy per iniziare.<\/em><\/p>\n<p>Prima cosa da sapere: buzz cut non significa testa rasata, ma un particolare stile di rasatura che si caratterizza per un taglio estremamente corto, fatto a macchinetta, con la parte superiore dei capelli leggermente pi\u00f9 alta e tagliata in maniera geometrica. Nel corso degli anni poi, tutti i tagli rasati sono finiti sotto la voce <strong>buzz cut<\/strong> ma \u00e8 giusto ricordare che quello originale resta il primo.<\/p>\n<p>Molto pi\u00f9 di un taglio pratico per chi ha poco tempo o abilit\u00e0 da dedicare all\u2019hairstyling, <strong>il taglio rasato \u00e8 un simbolo di estetica ribelle, di empowerment femminile e, molte volte, anche di dissenso politico. La sua evoluzione \u00e8 l&#8217;evoluzione di un modo di essere donna all&#8217;insegna della libert\u00e0 e del giusto tocco di audacia.<\/strong><\/p>\n<p>&nbsp;<\/p>\n<h2>L&#8217;evoluzione del buzz cut<img decoding=\"async\" class=\"alignleft wp-image-10792\" title=\"CAPELLI RASATI \" src=\"https:\/\/www.z-oneconcept.com\/wp-content\/uploads\/2021\/07\/2-300x257.png\" alt=\"CAPELLI RASATI \" width=\"500\" height=\"429\" srcset=\"https:\/\/www.z-oneconcept.com\/wp-content\/uploads\/2021\/07\/2-300x257.png 300w, https:\/\/www.z-oneconcept.com\/wp-content\/uploads\/2021\/07\/2-1024x878.png 1024w, https:\/\/www.z-oneconcept.com\/wp-content\/uploads\/2021\/07\/2-768x658.png 768w, https:\/\/www.z-oneconcept.com\/wp-content\/uploads\/2021\/07\/2.png 1120w\" sizes=\"(max-width: 500px) 100vw, 500px\" \/><\/h2>\n<p>Se riavvolgiamo il nastro, troviamo <strong>le origini del taglio rasato nel mondo militare<\/strong>, a partire dai soldati dell&#8217;Impero Romano. Nei tempi moderni, \u00e8 <strong>verso la met\u00e0 degli anni Settanta con l&#8217;affermarsi dello stile punk che il rasato inizia a diffondersi anche fra le ragazze<\/strong>, soprattutto nel Regno Unito. La corrente punk amava scioccare e la sua estetica altrettanto, con giacche di pelle, spille da balia e teste rigorosamente rasate. Negli anni &#8217;80 il buzz cut ha conquistato le donne che volevano esprimere il loro \u201cnon ci sto\u201d al rigido canone che incatenava la bellezza femminile alle chiome lunghe e fluenti. Due donne in particolare sono diventate l&#8217;icona di questa ardita dichiarazione di autonomia: <strong>Sin\u00e9ad O&#8217;Connor e Annie Lennox<\/strong> con il suo inconfondibile buzz cut color mandarino.<\/p>\n<p>Negli anni &#8217;90 e all&#8217;inizio del 2000, il buzz cut ha continuato a essere segno di emancipazione e l&#8217;industria del cinema di Hollywood ha indubbiamente contribuito ad alimentare questa filosofia: da <strong>Sigourney Weaver<\/strong> in Alien a <strong>Demi Moore<\/strong> in Soldato Jane, l&#8217;acconciatura rasata \u00e8 diventata l&#8217;essenza della donna indipendente e coraggiosa.<\/p>\n<h2>Tagli rasati contemporanei<\/h2>\n<p>E oggi? Dopo molti anni attraversati dal dubbio \u201cma i tagli di capelli rasati sono femminili oppure no?\u201d, il 2021 sembra avere le idee pi\u00f9 chiare in proposito, proponendo il rasato come tendenza forte della stagione, ma anche allargando il suo raggio d&#8217;azione. S\u00ec, perch\u00e9 oggi rasato non significa solo capello super corto su tutta la testa ma anche abbellimento di capelli medi e lunghi. Le versioni contemporanee di questo taglio sono tante, intriganti e capaci anche di svelarne il lato aggraziato.<\/p>\n<p>Le donne pi\u00f9 coraggiose possono puntare su una rasatura completa, tagliando a zero la chioma, oppure su un undercut con rasatura su entrambi i lati della testa e ciuffo pronunciato. Chi \u00e8 indecisa, pu\u00f2 cominciare rasando solo la parte posteriore dei capelli e lasciando la parte superiore pi\u00f9 lunga. Cos\u00ec la rasatura si vedr\u00e0 solo quando si raccolgono i capelli, concentrando l&#8217;attenzione sulla nuca che, per le donne con un collo lungo e slanciato, \u00e8 un punto di grande sensualit\u00e0. Si possono anche lasciare i capelli lunghi e concedersi una divertente sfumatura laterale, magari tagliando solo qualche ciocca.<\/p>\n<h2>Le testimonial del taglio XXS<img decoding=\"async\" class=\"alignright wp-image-10791\" title=\"CAPELLI RASATI \" src=\"https:\/\/www.z-oneconcept.com\/wp-content\/uploads\/2021\/07\/1-300x257.png\" alt=\"CAPELLI RASATI \" width=\"500\" height=\"429\" srcset=\"https:\/\/www.z-oneconcept.com\/wp-content\/uploads\/2021\/07\/1-300x257.png 300w, https:\/\/www.z-oneconcept.com\/wp-content\/uploads\/2021\/07\/1-1024x878.png 1024w, https:\/\/www.z-oneconcept.com\/wp-content\/uploads\/2021\/07\/1-768x658.png 768w, https:\/\/www.z-oneconcept.com\/wp-content\/uploads\/2021\/07\/1.png 1120w\" sizes=\"(max-width: 500px) 100vw, 500px\" \/><\/h2>\n<p>Sono tre in particolare le celebs che quest&#8217;anno hanno scelto un taglio corto rasato da donna davvero originale: Ruby Rose, la conduttrice televisiva, attrice e modella australiana, ha sfoggiato un buzz cut arcobaleno a dimostrazione che anche con pochissimi cm a disposizione, \u00e8 possibile esprimere il proprio stile al 100%. \u201cTrippy hair for trippy times\u201d ha scritto nel suo post di Instagram.<\/p>\n<p>Halsey, la cantante di \u201cWithout me\u201d, ha usato un video di TikTok per mostrare al mondo il suo ritorno allo stile rasato, dichiarando che la sua bald head (testa calva) le \u00e8 mancata davvero tantissimo negli anni in cui ha portato i capelli lunghi.<\/p>\n<p>La figlia di Will Smith, Willow Smith, ha sfoggiato un taglio rasato con una minima ricrescita riccia che ha sostituito i lunghi dreadlocks, mettendo in risalto al massimo il suo viso particolarissimo.<\/p>\n<h2>E tu staresti bene con un taglio rasato?<\/h2>\n<p>Gli hairstylist raccomandano di osservare bene due fattori: la forma del viso e quella della testa. Il taglio rasato \u00e8 indicato per le donne che hanno un viso regolare dalla forma morbida e non spigolosa, perch\u00e9 la rasatura tende a irrigidire molto i lineamenti.<br \/>\nChi ha un viso rettangolare pu\u00f2 optare per un rasato che lasci almeno 1 cm di lunghezza sui lati e dietro, ma che viene in parte coperto con un bob o un pixie cut; chi ha il viso tondo pu\u00f2 scegliere un rasato ai lati con il ciuffo al centro. In base alla zona che sceglieremo di rasare (tutta la testa, i lati, la nuca oppure parti asimmetriche) andremo a focalizzare l&#8217;attenzione su precisi elementi del nostro volto.<\/p>\n<h2>Come curare a casa un taglio rasato?<\/h2>\n<p>La rasatura espone la cute della testa agli agenti esterni, quindi serve detergerla e idratarla con prodotti delicati per evitare che si secchi, soprattutto durante la stagione invernale.<br \/>\nIn estate invece non bisogna mai dimenticare di proteggere la testa dal sole, scegliendo prodotti con filtri solari idonei per il cuoio capelluto. \u00c8 buona regola eseguire periodicamente uno scrub per eliminare tutte le impurit\u00e0 e pulire la cute in profondit\u00e0, cos\u00ec da farla respirare e ricevere al meglio i trattamenti idratanti.<\/p>\n","protected":false},"excerpt":{"rendered":"<p>Simbolo di emancipazione femminile, il taglio a zero, o buzz cut, ha spopolato nel lockdown per la sua praticit\u00e0. A chi sta bene e le vie di mezzo trendy per iniziare.<\/p>\n","protected":false},"author":1,"featured_media":10790,"comment_status":"open","ping_status":"open","sticky":false,"template":"","format":"standard","meta":{"_acf_changed":false,"footnotes":""},"categories":[1],"tags":[1115],"class_list":["post-10789","post","type-post","status-publish","format-standard","has-post-thumbnail","hentry","category-hair-cut","tag-capelli-rasati"],"acf":[],"yoast_head":"<!-- This site is optimized with the Yoast SEO plugin v27.3 - https:\/\/yoast.com\/product\/yoast-seo-wordpress\/ -->\n<title>- z-one concept<\/title>\n<meta name=\"description\" content=\"Simbolo di emancipazione femminile, i capelli rasati hanno spopolato nel lockdown per la loro praticit\u00e0. A chi stanno bene?\" \/>\n<meta name=\"robots\" content=\"index, follow, max-snippet:-1, max-image-preview:large, max-video-preview:-1\" \/>\n<link rel=\"canonical\" href=\"https:\/\/www.z-oneconcept.com\/it\/capelli-rasati-cercano-ragazze-ribelli-will-you-join-us\/\" \/>\n<meta property=\"og:locale\" content=\"it_IT\" \/>\n<meta property=\"og:type\" content=\"article\" \/>\n<meta property=\"og:title\" content=\"- z-one concept\" \/>\n<meta property=\"og:description\" content=\"Simbolo di emancipazione femminile, i capelli rasati hanno spopolato nel lockdown per la loro praticit\u00e0. A chi stanno bene?\" \/>\n<meta property=\"og:url\" content=\"https:\/\/www.z-oneconcept.com\/it\/capelli-rasati-cercano-ragazze-ribelli-will-you-join-us\/\" \/>\n<meta property=\"og:site_name\" content=\"z-one concept\" \/>\n<meta property=\"article:publisher\" content=\"https:\/\/www.facebook.com\/zoneconceptofficial\/\" \/>\n<meta property=\"article:published_time\" content=\"2021-07-02T15:28:38+00:00\" \/>\n<meta property=\"article:modified_time\" content=\"2021-07-02T15:30:25+00:00\" \/>\n<meta property=\"og:image\" content=\"https:\/\/www.z-oneconcept.com\/wp-content\/uploads\/2021\/07\/HEADER_1920x600px2-1.png\" \/>\n\t<meta property=\"og:image:width\" content=\"1920\" \/>\n\t<meta property=\"og:image:height\" content=\"600\" \/>\n\t<meta property=\"og:image:type\" content=\"image\/png\" \/>\n<meta name=\"author\" content=\"zonesuper\" \/>\n<meta name=\"twitter:card\" content=\"summary_large_image\" \/>\n<meta name=\"twitter:label1\" content=\"Scritto da\" \/>\n\t<meta name=\"twitter:data1\" content=\"zonesuper\" \/>\n\t<meta name=\"twitter:label2\" content=\"Tempo di lettura stimato\" \/>\n\t<meta name=\"twitter:data2\" content=\"5 minuti\" \/>\n<script type=\"application\/ld+json\" class=\"yoast-schema-graph\">{\"@context\":\"https:\\\/\\\/schema.org\",\"@graph\":[{\"@type\":\"Article\",\"@id\":\"https:\\\/\\\/www.z-oneconcept.com\\\/it\\\/capelli-rasati-cercano-ragazze-ribelli-will-you-join-us\\\/#article\",\"isPartOf\":{\"@id\":\"https:\\\/\\\/www.z-oneconcept.com\\\/it\\\/capelli-rasati-cercano-ragazze-ribelli-will-you-join-us\\\/\"},\"author\":{\"name\":\"zonesuper\",\"@id\":\"https:\\\/\\\/www.z-oneconcept.com\\\/it\\\/#\\\/schema\\\/person\\\/251faf2e3e2af3fb7d6fd33a9c8ff347\"},\"headline\":\"CAPELLI RASATI CERCANO RAGAZZE RIBELLI. WILL YOU JOIN US?\",\"datePublished\":\"2021-07-02T15:28:38+00:00\",\"dateModified\":\"2021-07-02T15:30:25+00:00\",\"mainEntityOfPage\":{\"@id\":\"https:\\\/\\\/www.z-oneconcept.com\\\/it\\\/capelli-rasati-cercano-ragazze-ribelli-will-you-join-us\\\/\"},\"wordCount\":887,\"commentCount\":0,\"publisher\":{\"@id\":\"https:\\\/\\\/www.z-oneconcept.com\\\/it\\\/#organization\"},\"image\":{\"@id\":\"https:\\\/\\\/www.z-oneconcept.com\\\/it\\\/capelli-rasati-cercano-ragazze-ribelli-will-you-join-us\\\/#primaryimage\"},\"thumbnailUrl\":\"https:\\\/\\\/www.z-oneconcept.com\\\/wp-content\\\/uploads\\\/2021\\\/07\\\/HEADER_1920x600px2-1.png\",\"keywords\":[\"CAPELLI RASATI\"],\"articleSection\":[\"Hair-cut\"],\"inLanguage\":\"it-IT\",\"potentialAction\":[{\"@type\":\"CommentAction\",\"name\":\"Comment\",\"target\":[\"https:\\\/\\\/www.z-oneconcept.com\\\/it\\\/capelli-rasati-cercano-ragazze-ribelli-will-you-join-us\\\/#respond\"]}]},{\"@type\":\"WebPage\",\"@id\":\"https:\\\/\\\/www.z-oneconcept.com\\\/it\\\/capelli-rasati-cercano-ragazze-ribelli-will-you-join-us\\\/\",\"url\":\"https:\\\/\\\/www.z-oneconcept.com\\\/it\\\/capelli-rasati-cercano-ragazze-ribelli-will-you-join-us\\\/\",\"name\":\"- z-one concept\",\"isPartOf\":{\"@id\":\"https:\\\/\\\/www.z-oneconcept.com\\\/it\\\/#website\"},\"primaryImageOfPage\":{\"@id\":\"https:\\\/\\\/www.z-oneconcept.com\\\/it\\\/capelli-rasati-cercano-ragazze-ribelli-will-you-join-us\\\/#primaryimage\"},\"image\":{\"@id\":\"https:\\\/\\\/www.z-oneconcept.com\\\/it\\\/capelli-rasati-cercano-ragazze-ribelli-will-you-join-us\\\/#primaryimage\"},\"thumbnailUrl\":\"https:\\\/\\\/www.z-oneconcept.com\\\/wp-content\\\/uploads\\\/2021\\\/07\\\/HEADER_1920x600px2-1.png\",\"datePublished\":\"2021-07-02T15:28:38+00:00\",\"dateModified\":\"2021-07-02T15:30:25+00:00\",\"description\":\"Simbolo di emancipazione femminile, i capelli rasati hanno spopolato nel lockdown per la loro praticit\u00e0. A chi stanno bene?\",\"breadcrumb\":{\"@id\":\"https:\\\/\\\/www.z-oneconcept.com\\\/it\\\/capelli-rasati-cercano-ragazze-ribelli-will-you-join-us\\\/#breadcrumb\"},\"inLanguage\":\"it-IT\",\"potentialAction\":[{\"@type\":\"ReadAction\",\"target\":[\"https:\\\/\\\/www.z-oneconcept.com\\\/it\\\/capelli-rasati-cercano-ragazze-ribelli-will-you-join-us\\\/\"]}]},{\"@type\":\"ImageObject\",\"inLanguage\":\"it-IT\",\"@id\":\"https:\\\/\\\/www.z-oneconcept.com\\\/it\\\/capelli-rasati-cercano-ragazze-ribelli-will-you-join-us\\\/#primaryimage\",\"url\":\"https:\\\/\\\/www.z-oneconcept.com\\\/wp-content\\\/uploads\\\/2021\\\/07\\\/HEADER_1920x600px2-1.png\",\"contentUrl\":\"https:\\\/\\\/www.z-oneconcept.com\\\/wp-content\\\/uploads\\\/2021\\\/07\\\/HEADER_1920x600px2-1.png\",\"width\":1920,\"height\":600,\"caption\":\"HEADER 1920x600px2 1\"},{\"@type\":\"BreadcrumbList\",\"@id\":\"https:\\\/\\\/www.z-oneconcept.com\\\/it\\\/capelli-rasati-cercano-ragazze-ribelli-will-you-join-us\\\/#breadcrumb\",\"itemListElement\":[{\"@type\":\"ListItem\",\"position\":1,\"name\":\"Home\",\"item\":\"https:\\\/\\\/www.z-oneconcept.com\\\/it\\\/\"},{\"@type\":\"ListItem\",\"position\":2,\"name\":\"CAPELLI RASATI CERCANO RAGAZZE RIBELLI. WILL YOU JOIN US?\"}]},{\"@type\":\"WebSite\",\"@id\":\"https:\\\/\\\/www.z-oneconcept.com\\\/it\\\/#website\",\"url\":\"https:\\\/\\\/www.z-oneconcept.com\\\/it\\\/\",\"name\":\"z-one concept\",\"description\":\"\",\"publisher\":{\"@id\":\"https:\\\/\\\/www.z-oneconcept.com\\\/it\\\/#organization\"},\"potentialAction\":[{\"@type\":\"SearchAction\",\"target\":{\"@type\":\"EntryPoint\",\"urlTemplate\":\"https:\\\/\\\/www.z-oneconcept.com\\\/it\\\/?s={search_term_string}\"},\"query-input\":{\"@type\":\"PropertyValueSpecification\",\"valueRequired\":true,\"valueName\":\"search_term_string\"}}],\"inLanguage\":\"it-IT\"},{\"@type\":\"Organization\",\"@id\":\"https:\\\/\\\/www.z-oneconcept.com\\\/it\\\/#organization\",\"name\":\"z.one concept\u2122 | milk_shake, Simply Zen, NO INHIBITION\",\"url\":\"https:\\\/\\\/www.z-oneconcept.com\\\/it\\\/\",\"logo\":{\"@type\":\"ImageObject\",\"inLanguage\":\"it-IT\",\"@id\":\"https:\\\/\\\/www.z-oneconcept.com\\\/it\\\/#\\\/schema\\\/logo\\\/image\\\/\",\"url\":\"https:\\\/\\\/www.z-oneconcept.com\\\/wp-content\\\/uploads\\\/2020\\\/11\\\/zone-concept.png\",\"contentUrl\":\"https:\\\/\\\/www.z-oneconcept.com\\\/wp-content\\\/uploads\\\/2020\\\/11\\\/zone-concept.png\",\"width\":1405,\"height\":177,\"caption\":\"z.one concept\u2122 | milk_shake, Simply Zen, NO INHIBITION\"},\"image\":{\"@id\":\"https:\\\/\\\/www.z-oneconcept.com\\\/it\\\/#\\\/schema\\\/logo\\\/image\\\/\"},\"sameAs\":[\"https:\\\/\\\/www.facebook.com\\\/zoneconceptofficial\\\/\",\"https:\\\/\\\/www.instagram.com\\\/zoneconceptofficial\\\/\",\"https:\\\/\\\/www.youtube.com\\\/user\\\/zoneconceptsrl\"]},{\"@type\":\"Person\",\"@id\":\"https:\\\/\\\/www.z-oneconcept.com\\\/it\\\/#\\\/schema\\\/person\\\/251faf2e3e2af3fb7d6fd33a9c8ff347\",\"name\":\"zonesuper\",\"image\":{\"@type\":\"ImageObject\",\"inLanguage\":\"it-IT\",\"@id\":\"https:\\\/\\\/secure.gravatar.com\\\/avatar\\\/9cb26e55ac9e4aaf61bf8d0ccde814897911540d57fc78a95362d0551bba97b8?s=96&d=mm&r=g\",\"url\":\"https:\\\/\\\/secure.gravatar.com\\\/avatar\\\/9cb26e55ac9e4aaf61bf8d0ccde814897911540d57fc78a95362d0551bba97b8?s=96&d=mm&r=g\",\"contentUrl\":\"https:\\\/\\\/secure.gravatar.com\\\/avatar\\\/9cb26e55ac9e4aaf61bf8d0ccde814897911540d57fc78a95362d0551bba97b8?s=96&d=mm&r=g\",\"caption\":\"zonesuper\"},\"sameAs\":[\"https:\\\/\\\/www.z-oneconcept.com\",\"SuperadminZONE\"]}]}<\/script>\n<!-- \/ Yoast SEO plugin. -->","yoast_head_json":{"title":"- z-one concept","description":"Simbolo di emancipazione femminile, i capelli rasati hanno spopolato nel lockdown per la loro praticit\u00e0. A chi stanno bene?","robots":{"index":"index","follow":"follow","max-snippet":"max-snippet:-1","max-image-preview":"max-image-preview:large","max-video-preview":"max-video-preview:-1"},"canonical":"https:\/\/www.z-oneconcept.com\/it\/capelli-rasati-cercano-ragazze-ribelli-will-you-join-us\/","og_locale":"it_IT","og_type":"article","og_title":"- z-one concept","og_description":"Simbolo di emancipazione femminile, i capelli rasati hanno spopolato nel lockdown per la loro praticit\u00e0. A chi stanno bene?","og_url":"https:\/\/www.z-oneconcept.com\/it\/capelli-rasati-cercano-ragazze-ribelli-will-you-join-us\/","og_site_name":"z-one concept","article_publisher":"https:\/\/www.facebook.com\/zoneconceptofficial\/","article_published_time":"2021-07-02T15:28:38+00:00","article_modified_time":"2021-07-02T15:30:25+00:00","og_image":[{"width":1920,"height":600,"url":"https:\/\/www.z-oneconcept.com\/wp-content\/uploads\/2021\/07\/HEADER_1920x600px2-1.png","type":"image\/png"}],"author":"zonesuper","twitter_card":"summary_large_image","twitter_misc":{"Scritto da":"zonesuper","Tempo di lettura stimato":"5 minuti"},"schema":{"@context":"https:\/\/schema.org","@graph":[{"@type":"Article","@id":"https:\/\/www.z-oneconcept.com\/it\/capelli-rasati-cercano-ragazze-ribelli-will-you-join-us\/#article","isPartOf":{"@id":"https:\/\/www.z-oneconcept.com\/it\/capelli-rasati-cercano-ragazze-ribelli-will-you-join-us\/"},"author":{"name":"zonesuper","@id":"https:\/\/www.z-oneconcept.com\/it\/#\/schema\/person\/251faf2e3e2af3fb7d6fd33a9c8ff347"},"headline":"CAPELLI RASATI CERCANO RAGAZZE RIBELLI. WILL YOU JOIN US?","datePublished":"2021-07-02T15:28:38+00:00","dateModified":"2021-07-02T15:30:25+00:00","mainEntityOfPage":{"@id":"https:\/\/www.z-oneconcept.com\/it\/capelli-rasati-cercano-ragazze-ribelli-will-you-join-us\/"},"wordCount":887,"commentCount":0,"publisher":{"@id":"https:\/\/www.z-oneconcept.com\/it\/#organization"},"image":{"@id":"https:\/\/www.z-oneconcept.com\/it\/capelli-rasati-cercano-ragazze-ribelli-will-you-join-us\/#primaryimage"},"thumbnailUrl":"https:\/\/www.z-oneconcept.com\/wp-content\/uploads\/2021\/07\/HEADER_1920x600px2-1.png","keywords":["CAPELLI RASATI"],"articleSection":["Hair-cut"],"inLanguage":"it-IT","potentialAction":[{"@type":"CommentAction","name":"Comment","target":["https:\/\/www.z-oneconcept.com\/it\/capelli-rasati-cercano-ragazze-ribelli-will-you-join-us\/#respond"]}]},{"@type":"WebPage","@id":"https:\/\/www.z-oneconcept.com\/it\/capelli-rasati-cercano-ragazze-ribelli-will-you-join-us\/","url":"https:\/\/www.z-oneconcept.com\/it\/capelli-rasati-cercano-ragazze-ribelli-will-you-join-us\/","name":"- z-one concept","isPartOf":{"@id":"https:\/\/www.z-oneconcept.com\/it\/#website"},"primaryImageOfPage":{"@id":"https:\/\/www.z-oneconcept.com\/it\/capelli-rasati-cercano-ragazze-ribelli-will-you-join-us\/#primaryimage"},"image":{"@id":"https:\/\/www.z-oneconcept.com\/it\/capelli-rasati-cercano-ragazze-ribelli-will-you-join-us\/#primaryimage"},"thumbnailUrl":"https:\/\/www.z-oneconcept.com\/wp-content\/uploads\/2021\/07\/HEADER_1920x600px2-1.png","datePublished":"2021-07-02T15:28:38+00:00","dateModified":"2021-07-02T15:30:25+00:00","description":"Simbolo di emancipazione femminile, i capelli rasati hanno spopolato nel lockdown per la loro praticit\u00e0. A chi stanno bene?","breadcrumb":{"@id":"https:\/\/www.z-oneconcept.com\/it\/capelli-rasati-cercano-ragazze-ribelli-will-you-join-us\/#breadcrumb"},"inLanguage":"it-IT","potentialAction":[{"@type":"ReadAction","target":["https:\/\/www.z-oneconcept.com\/it\/capelli-rasati-cercano-ragazze-ribelli-will-you-join-us\/"]}]},{"@type":"ImageObject","inLanguage":"it-IT","@id":"https:\/\/www.z-oneconcept.com\/it\/capelli-rasati-cercano-ragazze-ribelli-will-you-join-us\/#primaryimage","url":"https:\/\/www.z-oneconcept.com\/wp-content\/uploads\/2021\/07\/HEADER_1920x600px2-1.png","contentUrl":"https:\/\/www.z-oneconcept.com\/wp-content\/uploads\/2021\/07\/HEADER_1920x600px2-1.png","width":1920,"height":600,"caption":"HEADER 1920x600px2 1"},{"@type":"BreadcrumbList","@id":"https:\/\/www.z-oneconcept.com\/it\/capelli-rasati-cercano-ragazze-ribelli-will-you-join-us\/#breadcrumb","itemListElement":[{"@type":"ListItem","position":1,"name":"Home","item":"https:\/\/www.z-oneconcept.com\/it\/"},{"@type":"ListItem","position":2,"name":"CAPELLI RASATI CERCANO RAGAZZE RIBELLI. WILL YOU JOIN US?"}]},{"@type":"WebSite","@id":"https:\/\/www.z-oneconcept.com\/it\/#website","url":"https:\/\/www.z-oneconcept.com\/it\/","name":"z-one concept","description":"","publisher":{"@id":"https:\/\/www.z-oneconcept.com\/it\/#organization"},"potentialAction":[{"@type":"SearchAction","target":{"@type":"EntryPoint","urlTemplate":"https:\/\/www.z-oneconcept.com\/it\/?s={search_term_string}"},"query-input":{"@type":"PropertyValueSpecification","valueRequired":true,"valueName":"search_term_string"}}],"inLanguage":"it-IT"},{"@type":"Organization","@id":"https:\/\/www.z-oneconcept.com\/it\/#organization","name":"z.one concept\u2122 | milk_shake, Simply Zen, NO INHIBITION","url":"https:\/\/www.z-oneconcept.com\/it\/","logo":{"@type":"ImageObject","inLanguage":"it-IT","@id":"https:\/\/www.z-oneconcept.com\/it\/#\/schema\/logo\/image\/","url":"https:\/\/www.z-oneconcept.com\/wp-content\/uploads\/2020\/11\/zone-concept.png","contentUrl":"https:\/\/www.z-oneconcept.com\/wp-content\/uploads\/2020\/11\/zone-concept.png","width":1405,"height":177,"caption":"z.one concept\u2122 | milk_shake, Simply Zen, NO INHIBITION"},"image":{"@id":"https:\/\/www.z-oneconcept.com\/it\/#\/schema\/logo\/image\/"},"sameAs":["https:\/\/www.facebook.com\/zoneconceptofficial\/","https:\/\/www.instagram.com\/zoneconceptofficial\/","https:\/\/www.youtube.com\/user\/zoneconceptsrl"]},{"@type":"Person","@id":"https:\/\/www.z-oneconcept.com\/it\/#\/schema\/person\/251faf2e3e2af3fb7d6fd33a9c8ff347","name":"zonesuper","image":{"@type":"ImageObject","inLanguage":"it-IT","@id":"https:\/\/secure.gravatar.com\/avatar\/9cb26e55ac9e4aaf61bf8d0ccde814897911540d57fc78a95362d0551bba97b8?s=96&d=mm&r=g","url":"https:\/\/secure.gravatar.com\/avatar\/9cb26e55ac9e4aaf61bf8d0ccde814897911540d57fc78a95362d0551bba97b8?s=96&d=mm&r=g","contentUrl":"https:\/\/secure.gravatar.com\/avatar\/9cb26e55ac9e4aaf61bf8d0ccde814897911540d57fc78a95362d0551bba97b8?s=96&d=mm&r=g","caption":"zonesuper"},"sameAs":["https:\/\/www.z-oneconcept.com","SuperadminZONE"]}]}},"_links":{"self":[{"href":"https:\/\/www.z-oneconcept.com\/it\/wp-json\/wp\/v2\/posts\/10789","targetHints":{"allow":["GET"]}}],"collection":[{"href":"https:\/\/www.z-oneconcept.com\/it\/wp-json\/wp\/v2\/posts"}],"about":[{"href":"https:\/\/www.z-oneconcept.com\/it\/wp-json\/wp\/v2\/types\/post"}],"author":[{"embeddable":true,"href":"https:\/\/www.z-oneconcept.com\/it\/wp-json\/wp\/v2\/users\/1"}],"replies":[{"embeddable":true,"href":"https:\/\/www.z-oneconcept.com\/it\/wp-json\/wp\/v2\/comments?post=10789"}],"version-history":[{"count":3,"href":"https:\/\/www.z-oneconcept.com\/it\/wp-json\/wp\/v2\/posts\/10789\/revisions"}],"predecessor-version":[{"id":10797,"href":"https:\/\/www.z-oneconcept.com\/it\/wp-json\/wp\/v2\/posts\/10789\/revisions\/10797"}],"wp:featuredmedia":[{"embeddable":true,"href":"https:\/\/www.z-oneconcept.com\/it\/wp-json\/wp\/v2\/media\/10790"}],"wp:attachment":[{"href":"https:\/\/www.z-oneconcept.com\/it\/wp-json\/wp\/v2\/media?parent=10789"}],"wp:term":[{"taxonomy":"category","embeddable":true,"href":"https:\/\/www.z-oneconcept.com\/it\/wp-json\/wp\/v2\/categories?post=10789"},{"taxonomy":"post_tag","embeddable":true,"href":"https:\/\/www.z-oneconcept.com\/it\/wp-json\/wp\/v2\/tags?post=10789"}],"curies":[{"name":"wp","href":"https:\/\/api.w.org\/{rel}","templated":true}]}}